{"id":2250,"date":"2019-01-10T04:33:09","date_gmt":"2019-01-10T09:33:09","guid":{"rendered":"http:\/\/aceitesdelalba.com\/?p=2250"},"modified":"2023-05-18T10:43:20","modified_gmt":"2023-05-18T15:43:20","slug":"essentiel-n3","status":"publish","type":"post","link":"https:\/\/aceitesdelalba.com\/index.php\/2019\/01\/10\/essentiel-n3\/","title":{"rendered":"L&rsquo;Essentiel n\u00b03"},"content":{"rendered":"\n<h5 class=\"wp-block-heading\" id=\"mce_0\"><em>Ou le journal de l\u2019aventure entrepreneuriale d\u2019Agathe et Xavier<\/em> <\/h5>\n\n\n\n<p> Bonjour \u00e0 tous,<\/p>\n\n\n\n<p style=\"text-align:left\">          Apr\u00e8s pr\u00e8s de deux mois de silence radio, nous voici-enfin de retour pour vous donner de nos nouvelles&nbsp;! Les distillations avancent bien et nous sommes toujours plus motiv\u00e9s dans notre projet. Ce num\u00e9ro vous permettra d\u2019en comprendre les raisons et sera encore plein de rebondissements, de doutes et de bonnes surprises&nbsp;!<\/p>\n\n\n\n<p>          Depuis notre premi\u00e8re visite \u00e0 \u00ab&nbsp;la galeria de Cali&nbsp;\u00bb (le march\u00e9) nous avons pris les coordonn\u00e9es de plusieurs agriculteurs que nous appelons presque tous les mardis pour passer des commandes de plantes que nous souhaitons distiller le vendredi suivant. Cette routine qui s\u2019installe permet aux agriculteurs du march\u00e9 de nous connaitre un peu mieux et de comprendre que nous cherchons \u00e0 cr\u00e9er une relation sur le long terme avec eux. Ces visites hebdomadaires ont valu d\u2019ailleurs \u00e0 Xavier qui ne s\u2019y rend jamais sans son grand panier en osier, le surnom de&nbsp;: \u00ab&nbsp;El mono del canasto&nbsp;\u00bb.&nbsp; <\/p>\n\n\n\n<p>         Fin Juillet notre fine \u00e9quipe fut rejointe temporairement par Lo\u00efc. Un bon ami de Xavier qui d\u00e9cida de nous rejoindre pour nous donner un coup de main et d\u00e9couvrir la Colombie. De ce fait, nous nous octroy\u00e2mes une petite semaine pour d\u00e9couvrir les plaisirs de la c\u00f4te Cara\u00efbe avec sa grandiose Carthag\u00e8ne des Indes, ses plages de r\u00eave et son imposant massif montagneux, le plus haut du monde bordant la mer&nbsp;: \u00ab&nbsp;la Sierra Nevada Santa Marta&nbsp;\u00bb. <\/p>\n\n\n\n<figure class=\"wp-block-image\"><img data-recalc-dims=\"1\" loading=\"lazy\" decoding=\"async\" width=\"1024\" height=\"768\" data-attachment-id=\"2252\" data-permalink=\"https:\/\/aceitesdelalba.com\/sdr-3\/\" data-orig-file=\"https:\/\/i0.wp.com\/aceitesdelalba.com\/wp-content\/uploads\/2018\/12\/Coupe-camomille-loic-agathe-2.jpg?fit=1574%2C1180&amp;ssl=1\" data-orig-size=\"1574,1180\" data-comments-opened=\"1\" data-image-meta=\"{&quot;aperture&quot;:&quot;2&quot;,&quot;credit&quot;:&quot;&quot;,&quot;camera&quot;:&quot;HUAWEI GRA-UL00&quot;,&quot;caption&quot;:&quot;sdr&quot;,&quot;created_timestamp&quot;:&quot;1532720256&quot;,&quot;copyright&quot;:&quot;&quot;,&quot;focal_length&quot;:&quot;2.38&quot;,&quot;iso&quot;:&quot;640&quot;,&quot;shutter_speed&quot;:&quot;0.083328&quot;,&quot;title&quot;:&quot;sdr&quot;,&quot;orientation&quot;:&quot;1&quot;}\" data-image-title=\"sdr\" data-image-description=\"\" data-image-caption=\"&lt;p&gt;sdr&lt;\/p&gt;\n\" data-medium-file=\"https:\/\/i0.wp.com\/aceitesdelalba.com\/wp-content\/uploads\/2018\/12\/Coupe-camomille-loic-agathe-2.jpg?fit=300%2C225&amp;ssl=1\" data-large-file=\"https:\/\/i0.wp.com\/aceitesdelalba.com\/wp-content\/uploads\/2018\/12\/Coupe-camomille-loic-agathe-2.jpg?fit=1024%2C768&amp;ssl=1\" src=\"https:\/\/i0.wp.com\/aceitesdelalba.com\/wp-content\/uploads\/2018\/12\/Coupe-camomille-loic-agathe-2.jpg?resize=1024%2C768\" alt=\"\" class=\"wp-image-2252\" srcset=\"https:\/\/i0.wp.com\/aceitesdelalba.com\/wp-content\/uploads\/2018\/12\/Coupe-camomille-loic-agathe-2.jpg?resize=1024%2C768&amp;ssl=1 1024w, https:\/\/i0.wp.com\/aceitesdelalba.com\/wp-content\/uploads\/2018\/12\/Coupe-camomille-loic-agathe-2.jpg?resize=300%2C225&amp;ssl=1 300w, https:\/\/i0.wp.com\/aceitesdelalba.com\/wp-content\/uploads\/2018\/12\/Coupe-camomille-loic-agathe-2.jpg?resize=768%2C576&amp;ssl=1 768w, https:\/\/i0.wp.com\/aceitesdelalba.com\/wp-content\/uploads\/2018\/12\/Coupe-camomille-loic-agathe-2.jpg?resize=600%2C450&amp;ssl=1 600w, https:\/\/i0.wp.com\/aceitesdelalba.com\/wp-content\/uploads\/2018\/12\/Coupe-camomille-loic-agathe-2.jpg?w=1574&amp;ssl=1 1574w\" sizes=\"auto, (max-width: 1000px) 100vw, 1000px\" \/><figcaption>Agathe et Lo\u00efc pr\u00e9parant le s\u00e9chage de la camomille allemande (Matricaria recutita)<\/figcaption><\/figure>\n\n\n\n<p>           Apr\u00e8s ce petit \u00ab&nbsp;break&nbsp;\u00bb, le mois d\u2019ao\u00fbt s\u2019est poursuivi, marqu\u00e9 par de longues journ\u00e9es de travail dans notre appartement afin, surtout, de&nbsp; mettre en ligne notre site internet. Nous avons aussi r\u00e9alis\u00e9 les mod\u00e8les de nos \u00e9tiquettes pour les premi\u00e8res fioles que nous aimerions vendre localement. Ces trois grosses semaines de prise de t\u00eate ont \u00e9t\u00e9 fort bien r\u00e9compens\u00e9es par un  r\u00e9sultat visuel convainquant. Nous vous laissons d\u2019ailleurs en juger par vous-m\u00eame:  www.aceitesdelalba.com<\/p>\n\n\n\n<figure class=\"wp-block-image\"><img loading=\"lazy\" decoding=\"async\" width=\"1200\" height=\"1600\" data-attachment-id=\"2253\" data-permalink=\"https:\/\/aceitesdelalba.com\/index.php\/2019\/01\/10\/essentiel-n3\/fioles-2\/\" data-orig-file=\"https:\/\/i0.wp.com\/aceitesdelalba.com\/wp-content\/uploads\/2018\/12\/fioles.jpg?fit=1200%2C1600&amp;ssl=1\" data-orig-size=\"1200,1600\" data-comments-opened=\"1\" data-image-meta=\"{&quot;aperture&quot;:&quot;0&quot;,&quot;credit&quot;:&quot;&quot;,&quot;camera&quot;:&quot;&quot;,&quot;caption&quot;:&quot;&quot;,&quot;created_timestamp&quot;:&quot;0&quot;,&quot;copyright&quot;:&quot;&quot;,&quot;focal_length&quot;:&quot;0&quot;,&quot;iso&quot;:&quot;0&quot;,&quot;shutter_speed&quot;:&quot;0&quot;,&quot;title&quot;:&quot;&quot;,&quot;orientation&quot;:&quot;0&quot;}\" data-image-title=\"fioles\" data-image-description=\"\" data-image-caption=\"\" data-medium-file=\"https:\/\/i0.wp.com\/aceitesdelalba.com\/wp-content\/uploads\/2018\/12\/fioles.jpg?fit=225%2C300&amp;ssl=1\" data-large-file=\"https:\/\/i0.wp.com\/aceitesdelalba.com\/wp-content\/uploads\/2018\/12\/fioles.jpg?fit=768%2C1024&amp;ssl=1\" src=\"https:\/\/i0.wp.com\/aceitesdelalba.com\/wp-content\/uploads\/2018\/12\/fioles.jpg?fit=768%2C1024\" alt=\"\" class=\"wp-image-2253\" srcset=\"https:\/\/i0.wp.com\/aceitesdelalba.com\/wp-content\/uploads\/2018\/12\/fioles.jpg?w=1200&amp;ssl=1 1200w, https:\/\/i0.wp.com\/aceitesdelalba.com\/wp-content\/uploads\/2018\/12\/fioles.jpg?resize=225%2C300&amp;ssl=1 225w, https:\/\/i0.wp.com\/aceitesdelalba.com\/wp-content\/uploads\/2018\/12\/fioles.jpg?resize=768%2C1024&amp;ssl=1 768w, https:\/\/i0.wp.com\/aceitesdelalba.com\/wp-content\/uploads\/2018\/12\/fioles.jpg?resize=600%2C800&amp;ssl=1 600w\" sizes=\"auto, (max-width: 1000px) 100vw, 1000px\" \/><figcaption>Nos premi\u00e8res fioles \u00e9tiquet\u00e9es avec les cartes de visite !<\/figcaption><\/figure>\n\n\n\n<p>            C\u2019est donc le bon&nbsp; moment pour enfin vous r\u00e9v\u00e9ler au grand jour le nom de notre entreprise&nbsp;! Pour ceux qui ne l\u2019auraient d\u00e9cel\u00e9 dans le lien plus haut, nous avons d\u00e9cid\u00e9 de nous appeler&nbsp;: \u00ab&nbsp;Aceites Del AlbA&nbsp;\u00bb soit les Huiles De l\u2019Aube en fran\u00e7ais. Vous \u00eates s\u00fbrement entrain de vous dire&nbsp;: \u00ab&nbsp;Oui, pourquoi pas, c\u2019est sympa, mais quel est le rapport avec le schmilblik&nbsp;?&nbsp;\u00bb. Laissez-nous vous expliquer. Premi\u00e8rement, le meilleur moment pour r\u00e9colter les plantes aromatiques avant de les distiller, c\u2019est \u00e0 l\u2019aube. Ensuite, une des esp\u00e8ces de verveine sp\u00e9cifique de la r\u00e9gion et que l\u2019on distille s\u2019appelle <em>Lippia alba<\/em>. Petit clin d\u2019\u0153il aussi \u00e0 la s\u0153ur d\u2019Agathe qui porte le beau pr\u00e9nom d\u2019Aurore et finalement la grand-m\u00e8re maternelle de Xavier qui s\u2019appelait Alba. En plus de la simplicit\u00e9 de ce mot et de sa sonorit\u00e9 qui nous plaisait, celui-ci regorge de sens pour nous.  <\/p>\n\n\n\n<p>           Bon, revenons-en \u00e0 nos moutons. Pour d\u00e9couvrir le pays et ne pas perdre de temps dans notre travail, nous profitons parfois de nos week-ends pour aller dans diff\u00e9rentes r\u00e9gions o\u00f9 nous essayons de rencontrer des agriculteurs qui produisent d\u00e9j\u00e0 des plantes aromatiques. Pour le moment nous sommes all\u00e9s au-dessus de Cali sur les recommandations des agriculteurs de \u00ab&nbsp;la galeria&nbsp;\u00bb. Un dimanche de fin ao\u00fbt, nous avons suivi une piste, selon laquelle, dans le village de \u00ab&nbsp;la Elvira&nbsp;\u00bb, il y avait un groupement d\u2019agriculteurs qui se serait form\u00e9 dans le but de produire des huiles essentielles. Il ne faut pas non plus prendre nos r\u00eaves pour des r\u00e9alit\u00e9s\u2026 Arriv\u00e9s dans ce fameux village, nous nous rendons chez l\u2019agriculteur qui devrait \u00eatre le chef du groupement. Il nous accueille chaleureusement et il a effectivement un petit distillateur de vingt kilogrammes qu\u2019il utilise pour concocter des rem\u00e8des miracles avec sa femme et que tous deux revendent \u00e0 de fid\u00e8les clients du coin. Pour ce qui est du groupement\u2026 il ne s\u2019est jamais vraiment form\u00e9\u2026 Nous avons remarqu\u00e9 souvent des configurations similaires en allant dans des villages de cette mani\u00e8re. C\u2019est-\u00e0-dire, plusieurs agriculteurs qui se r\u00e9unissent pour apprendre \u00e0 cultiver des plantes aromatiques et les distiller. Cette initiative vient, la plupart du temps, d\u2019un organisme de l\u2019Etat qui propose des formations gratuites aux paysans. Ceux-ci en profitent mais le souci majeur est qu\u2019une fois les cours r\u00e9alis\u00e9s et le mat\u00e9riel donn\u00e9, l\u2019organisme part et ne fournit aucune solution aux agriculteurs pour vendre leur production\u2026 Aucune \u00e9tude de march\u00e9 n\u2019est faite et ce joyeux groupement se retrouve avec leurs huiles essentielles qui vaut une fortune sur les bras et ne sait absolument pas quoi en faire\u2026 Que voulez-vous, ils  arr\u00eatent bien s\u00fbr.                                                                                         <\/p>\n\n\n\n<figure class=\"wp-block-image\"><img loading=\"lazy\" decoding=\"async\" width=\"2808\" height=\"1872\" data-attachment-id=\"2254\" data-permalink=\"https:\/\/aceitesdelalba.com\/index.php\/2019\/01\/10\/essentiel-n3\/cali-2\/\" data-orig-file=\"https:\/\/i0.wp.com\/aceitesdelalba.com\/wp-content\/uploads\/2018\/12\/Cali-.jpg?fit=2808%2C1872&amp;ssl=1\" data-orig-size=\"2808,1872\" data-comments-opened=\"1\" data-image-meta=\"{&quot;aperture&quot;:&quot;22&quot;,&quot;credit&quot;:&quot;&quot;,&quot;camera&quot;:&quot;Canon EOS 700D&quot;,&quot;caption&quot;:&quot;&quot;,&quot;created_timestamp&quot;:&quot;1535239303&quot;,&quot;copyright&quot;:&quot;&quot;,&quot;focal_length&quot;:&quot;38&quot;,&quot;iso&quot;:&quot;400&quot;,&quot;shutter_speed&quot;:&quot;0.00625&quot;,&quot;title&quot;:&quot;&quot;,&quot;orientation&quot;:&quot;1&quot;}\" data-image-title=\"Cali\" data-image-description=\"\" data-image-caption=\"\" data-medium-file=\"https:\/\/i0.wp.com\/aceitesdelalba.com\/wp-content\/uploads\/2018\/12\/Cali-.jpg?fit=300%2C200&amp;ssl=1\" data-large-file=\"https:\/\/i0.wp.com\/aceitesdelalba.com\/wp-content\/uploads\/2018\/12\/Cali-.jpg?fit=1024%2C683&amp;ssl=1\" src=\"https:\/\/i2.wp.com\/aceitesdelalba.com\/wp-content\/uploads\/2018\/12\/Cali-.jpg?fit=800%2C534\" alt=\"\" class=\"wp-image-2254\" srcset=\"https:\/\/i0.wp.com\/aceitesdelalba.com\/wp-content\/uploads\/2018\/12\/Cali-.jpg?w=2808&amp;ssl=1 2808w, https:\/\/i0.wp.com\/aceitesdelalba.com\/wp-content\/uploads\/2018\/12\/Cali-.jpg?resize=300%2C200&amp;ssl=1 300w, https:\/\/i0.wp.com\/aceitesdelalba.com\/wp-content\/uploads\/2018\/12\/Cali-.jpg?resize=768%2C512&amp;ssl=1 768w, https:\/\/i0.wp.com\/aceitesdelalba.com\/wp-content\/uploads\/2018\/12\/Cali-.jpg?resize=1024%2C683&amp;ssl=1 1024w, https:\/\/i0.wp.com\/aceitesdelalba.com\/wp-content\/uploads\/2018\/12\/Cali-.jpg?resize=600%2C400&amp;ssl=1 600w, https:\/\/i0.wp.com\/aceitesdelalba.com\/wp-content\/uploads\/2018\/12\/Cali-.jpg?resize=272%2C182&amp;ssl=1 272w, https:\/\/i0.wp.com\/aceitesdelalba.com\/wp-content\/uploads\/2018\/12\/Cali-.jpg?w=2000 2000w\" sizes=\"auto, (max-width: 1000px) 100vw, 1000px\" \/><figcaption>Vue de Cali d&rsquo;un des villages o\u00f9 nous nous sommes arr\u00eat\u00e9s<\/figcaption><\/figure>\n\n\n\n<p>          Enfin bon, cette fois-ci, le couple qui nous a  accueillis, nous a relanc\u00e9s sur une nouvelle piste&nbsp;: dans un village voisin, un monsieur aurait un distillateur plus grand. Nous repartons alors sur la trace des alambics perdus. Arriv\u00e9s \u00e0 la bourgade voisine, perch\u00e9e \u00e0 sept cent m\u00e8tres au-dessus de Cali, nous rencontr\u00e2mes Mauro, qui effectivement est en possession de deux distillateurs dont un avec une cuve de cent kilogrammes qu\u2019il utilise toujours. Nous pr\u00e9voyons ainsi d\u2019essayer de travailler, pour de futures commandes en collaboration avec lui. Celui-ci ajoute, en fin de discussion, qu\u2019il connait, \u00e0 dix minutes de route, un patron d\u2019une compagnie de bus locale, qui a investi dans un distillateur pour distiller l\u2019eucalyptus de sa propri\u00e9t\u00e9. Il nous propose de nous y accompagner et, l\u00e0, nous d\u00e9couvrons un distillateur industriel d\u2019environ mille cinq cent litres ! (Soit pr\u00e8s de 400 kg de plantes). Presque neuve, cette unit\u00e9 d\u2019extraction, achet\u00e9e par ce riche propri\u00e9taire n\u2019a servi que quelques fois avant d\u2019\u00eatre abandonn\u00e9e \u00e0 son triste sort dans le hangar du corps de ferme. Nous esp\u00e9rons  pouvoir nous accorder avec la famille de ce monsieur afin de trouver une meilleure utilit\u00e9 \u00e0 ce gros bestiau qui pour le moment ne sert qu\u2019\u00e0 prendre la poussi\u00e8re. <\/p>\n\n\n\n<p>           Les derniers jours du mois d\u2019ao\u00fbt furent marqu\u00e9s par une rencontre qui a boulevers\u00e9 les deux dernier mois de notre s\u00e9jour et l\u2019ont rendu cent fois plus palpitant&nbsp;! C\u2019est gr\u00e2ce \u00e0 une tr\u00e8s bonne amie de la famille d\u2019Agathe, Val\u00e9rie G\u00e9l\u00e9zeau que nous avons eu le contact de Jean-Hugues Chailley. Install\u00e9 \u00e0 Bogota depuis pr\u00e8s de quinze ans, il a pu nous donner de nombreux conseils pour notre projet, et, par-dessus tout, il nous a donn\u00e9 des contacts clefs pour nous rendre au colloque international de l\u2019IFEAT (The International Federation of Essential oils and Aroma Trades). Cet \u00e9v\u00e8nement se d\u00e9roule une fois par an \u00e0 chaque fois dans un nouvel endroit du monde et rassemble les grands groupes de la fili\u00e8re des huiles essentielles et ar\u00f4mes ainsi qu\u2019un grand nombre d\u2019entreprises faisant du commerce \u00e0 l\u2019international. Et cette ann\u00e9e, par chance il se d\u00e9roulait \u00e0 Carthag\u00e8ne des Indes, en Colombie&nbsp;!  <\/p>\n\n\n\n<p>          Nous \u00e9tions d\u00e9j\u00e0 au courant de l\u2019existence de ce colloque et cela faisait pr\u00e8s de six mois que nous cherchions diverses solutions pour y participer sans devoir hypoth\u00e9quer nos chemises. Il faut effectivement d\u00e9bourser pr\u00e8s de trois mille dollars par personne pour assister \u00e0 l\u2019\u00e9v\u00e8nement\u2026Gr\u00e2ce aux contacts de Jean-Hugues Chailley nous avons pu pr\u00e9voir plusieurs rendez-vous en marge du colloque et profiter de leur venue en Colombie pour leur pr\u00e9senter notre future entreprise, et nos \u00e9chantillons. Notre d\u00e9part sur la c\u00f4te s\u2019est donc d\u00e9cid\u00e9 une petite semaine avant l\u2019IFEAT. A partir du moment o\u00f9 les billets ont \u00e9t\u00e9 pris, c\u2019\u00e9tait le branle-bas de combat&nbsp;! Il fallait tout pr\u00e9parer pour pouvoir se pr\u00e9senter parfaitement l\u00e0-bas. Nous avons s\u00e9lectionn\u00e9 des \u00e9chantillons, cr\u00e9\u00e9 leurs petits \u00e9tuis de pr\u00e9sentation, r\u00e9dig\u00e9 des explications sur toutes les huiles, design\u00e9 une plaquette, un catalogue, les cartes de visite et le site internet&nbsp;!<\/p>\n\n\n\n<figure class=\"wp-block-image\"><img loading=\"lazy\" decoding=\"async\" width=\"1600\" height=\"1200\" data-attachment-id=\"2255\" data-permalink=\"https:\/\/aceitesdelalba.com\/index.php\/2019\/01\/10\/essentiel-n3\/cali-3\/\" data-orig-file=\"https:\/\/i0.wp.com\/aceitesdelalba.com\/wp-content\/uploads\/2018\/12\/Cali.jpg?fit=1600%2C1200&amp;ssl=1\" data-orig-size=\"1600,1200\" data-comments-opened=\"1\" data-image-meta=\"{&quot;aperture&quot;:&quot;0&quot;,&quot;credit&quot;:&quot;&quot;,&quot;camera&quot;:&quot;&quot;,&quot;caption&quot;:&quot;&quot;,&quot;created_timestamp&quot;:&quot;0&quot;,&quot;copyright&quot;:&quot;&quot;,&quot;focal_length&quot;:&quot;0&quot;,&quot;iso&quot;:&quot;0&quot;,&quot;shutter_speed&quot;:&quot;0&quot;,&quot;title&quot;:&quot;&quot;,&quot;orientation&quot;:&quot;0&quot;}\" data-image-title=\"Cali\" data-image-description=\"\" data-image-caption=\"\" data-medium-file=\"https:\/\/i0.wp.com\/aceitesdelalba.com\/wp-content\/uploads\/2018\/12\/Cali.jpg?fit=300%2C225&amp;ssl=1\" data-large-file=\"https:\/\/i0.wp.com\/aceitesdelalba.com\/wp-content\/uploads\/2018\/12\/Cali.jpg?fit=1024%2C768&amp;ssl=1\" src=\"https:\/\/i0.wp.com\/aceitesdelalba.com\/wp-content\/uploads\/2018\/12\/Cali.jpg?fit=800%2C600\" alt=\"\" class=\"wp-image-2255\" srcset=\"https:\/\/i0.wp.com\/aceitesdelalba.com\/wp-content\/uploads\/2018\/12\/Cali.jpg?w=1600&amp;ssl=1 1600w, https:\/\/i0.wp.com\/aceitesdelalba.com\/wp-content\/uploads\/2018\/12\/Cali.jpg?resize=300%2C225&amp;ssl=1 300w, https:\/\/i0.wp.com\/aceitesdelalba.com\/wp-content\/uploads\/2018\/12\/Cali.jpg?resize=768%2C576&amp;ssl=1 768w, https:\/\/i0.wp.com\/aceitesdelalba.com\/wp-content\/uploads\/2018\/12\/Cali.jpg?resize=1024%2C768&amp;ssl=1 1024w, https:\/\/i0.wp.com\/aceitesdelalba.com\/wp-content\/uploads\/2018\/12\/Cali.jpg?resize=600%2C450&amp;ssl=1 600w\" sizes=\"auto, (max-width: 1000px) 100vw, 1000px\" \/><figcaption>Nos plaquettes, nos cartes de visite, nos \u00e9chantillons et leurs \u00e9tuis pr\u00eats le soir avant le d\u00e9part pour l&rsquo;IFEAT!<\/figcaption><\/figure>\n\n\n\n<p>            C\u2019est donc d\u00e8s le dimanche 9 septembre que nous avons enchain\u00e9 les rendez-vous, plus int\u00e9ressants et passionnants les uns que les autres. Le lundi matin nous avons gentiment demand\u00e9 \u00e0 l\u2019administration de l\u2019h\u00f4tel o\u00f9 se d\u00e9roulait le colloque et s\u2019il \u00e9tait possible de s\u2019installer dans leur lobby. A notre grande surprise ils accept\u00e8rent et nous p\u00fbmes donc rencontrer de nombreuses personnes entre deux conf\u00e9rences ou r\u00e9unions d\u2019affaires. Nous en profitons au passage pour les remercier toutes (et elles se reconnaitront) pour les nombreux conseils, informations et le soutien qu\u2019elles nous ont apport\u00e9es.<\/p>\n\n\n\n<figure class=\"wp-block-image\"><img loading=\"lazy\" decoding=\"async\" width=\"3000\" height=\"1812\" data-attachment-id=\"2258\" data-permalink=\"https:\/\/aceitesdelalba.com\/index.php\/2019\/01\/10\/essentiel-n3\/agxavifeat7\/\" data-orig-file=\"https:\/\/i0.wp.com\/aceitesdelalba.com\/wp-content\/uploads\/2019\/01\/AgXavIFEAT7.jpg?fit=3000%2C1812&amp;ssl=1\" data-orig-size=\"3000,1812\" data-comments-opened=\"1\" data-image-meta=\"{&quot;aperture&quot;:&quot;13&quot;,&quot;credit&quot;:&quot;&quot;,&quot;camera&quot;:&quot;Canon EOS 700D&quot;,&quot;caption&quot;:&quot;&quot;,&quot;created_timestamp&quot;:&quot;1536689566&quot;,&quot;copyright&quot;:&quot;&quot;,&quot;focal_length&quot;:&quot;18&quot;,&quot;iso&quot;:&quot;1600&quot;,&quot;shutter_speed&quot;:&quot;0.008&quot;,&quot;title&quot;:&quot;&quot;,&quot;orientation&quot;:&quot;1&quot;}\" data-image-title=\"AgXavIFEAT7\" data-image-description=\"\" data-image-caption=\"\" data-medium-file=\"https:\/\/i0.wp.com\/aceitesdelalba.com\/wp-content\/uploads\/2019\/01\/AgXavIFEAT7.jpg?fit=300%2C181&amp;ssl=1\" data-large-file=\"https:\/\/i0.wp.com\/aceitesdelalba.com\/wp-content\/uploads\/2019\/01\/AgXavIFEAT7.jpg?fit=1024%2C618&amp;ssl=1\" src=\"https:\/\/i0.wp.com\/aceitesdelalba.com\/wp-content\/uploads\/2019\/01\/AgXavIFEAT7.jpg?fit=800%2C483\" alt=\"\" class=\"wp-image-2258\" srcset=\"https:\/\/i0.wp.com\/aceitesdelalba.com\/wp-content\/uploads\/2019\/01\/AgXavIFEAT7.jpg?w=3000&amp;ssl=1 3000w, https:\/\/i0.wp.com\/aceitesdelalba.com\/wp-content\/uploads\/2019\/01\/AgXavIFEAT7.jpg?resize=300%2C181&amp;ssl=1 300w, https:\/\/i0.wp.com\/aceitesdelalba.com\/wp-content\/uploads\/2019\/01\/AgXavIFEAT7.jpg?resize=768%2C464&amp;ssl=1 768w, https:\/\/i0.wp.com\/aceitesdelalba.com\/wp-content\/uploads\/2019\/01\/AgXavIFEAT7.jpg?resize=1024%2C618&amp;ssl=1 1024w, https:\/\/i0.wp.com\/aceitesdelalba.com\/wp-content\/uploads\/2019\/01\/AgXavIFEAT7.jpg?resize=600%2C362&amp;ssl=1 600w, https:\/\/i0.wp.com\/aceitesdelalba.com\/wp-content\/uploads\/2019\/01\/AgXavIFEAT7.jpg?w=2000 2000w\" sizes=\"auto, (max-width: 1000px) 100vw, 1000px\" \/><figcaption>Dans le lobby de l&rsquo;h\u00f4tel Estelar o\u00f9 se d\u00e9roulait l&rsquo;IFEAT<\/figcaption><\/figure>\n\n\n\n<p>         Apr\u00e8s cette semaine de merveilleuses rencontres, nous nous rend\u00eemes une journ\u00e9e \u00e0 la fronti\u00e8re entre le d\u00e9partement du Bolivar (Cathag\u00e8ne) et de l\u2019Atlantico (Barranquilla). Nous y avons rencontr\u00e9 des agriculteurs sans terre qui avec l\u2019aide de l\u2019ONG Envol\u2019vert pr\u00e9servent les for\u00eats en y pratiquant l\u2019agroforesterie. L\u2019id\u00e9e \u00e9tait de voir leur organisation dans le but d\u2019\u00e9ventuellement travailler dans le futur avec eux pour la culture de plantes aromatiques. Nous avons constat\u00e9 les moyens investis pour la r\u00e9ussite de ce projet et esp\u00e9rons pouvoir dans les ann\u00e9es qui viennent collaborer avec cette association tr\u00e8s s\u00e9rieuse. <\/p>\n\n\n\n<figure class=\"wp-block-image\"><img loading=\"lazy\" decoding=\"async\" width=\"1296\" height=\"864\" data-attachment-id=\"2259\" data-permalink=\"https:\/\/aceitesdelalba.com\/index.php\/2019\/01\/10\/essentiel-n3\/envol-vert-3\/\" data-orig-file=\"https:\/\/i0.wp.com\/aceitesdelalba.com\/wp-content\/uploads\/2019\/01\/Envol-Vert-3.jpeg?fit=1296%2C864&amp;ssl=1\" data-orig-size=\"1296,864\" data-comments-opened=\"1\" data-image-meta=\"{&quot;aperture&quot;:&quot;0&quot;,&quot;credit&quot;:&quot;&quot;,&quot;camera&quot;:&quot;&quot;,&quot;caption&quot;:&quot;&quot;,&quot;created_timestamp&quot;:&quot;0&quot;,&quot;copyright&quot;:&quot;&quot;,&quot;focal_length&quot;:&quot;0&quot;,&quot;iso&quot;:&quot;0&quot;,&quot;shutter_speed&quot;:&quot;0&quot;,&quot;title&quot;:&quot;&quot;,&quot;orientation&quot;:&quot;0&quot;}\" data-image-title=\"Envol-Vert 3\" data-image-description=\"\" data-image-caption=\"\" data-medium-file=\"https:\/\/i0.wp.com\/aceitesdelalba.com\/wp-content\/uploads\/2019\/01\/Envol-Vert-3.jpeg?fit=300%2C200&amp;ssl=1\" data-large-file=\"https:\/\/i0.wp.com\/aceitesdelalba.com\/wp-content\/uploads\/2019\/01\/Envol-Vert-3.jpeg?fit=1024%2C683&amp;ssl=1\" src=\"https:\/\/i0.wp.com\/aceitesdelalba.com\/wp-content\/uploads\/2019\/01\/Envol-Vert-3.jpeg?fit=800%2C534\" alt=\"\" class=\"wp-image-2259\" srcset=\"https:\/\/i0.wp.com\/aceitesdelalba.com\/wp-content\/uploads\/2019\/01\/Envol-Vert-3.jpeg?w=1296&amp;ssl=1 1296w, https:\/\/i0.wp.com\/aceitesdelalba.com\/wp-content\/uploads\/2019\/01\/Envol-Vert-3.jpeg?resize=300%2C200&amp;ssl=1 300w, https:\/\/i0.wp.com\/aceitesdelalba.com\/wp-content\/uploads\/2019\/01\/Envol-Vert-3.jpeg?resize=768%2C512&amp;ssl=1 768w, https:\/\/i0.wp.com\/aceitesdelalba.com\/wp-content\/uploads\/2019\/01\/Envol-Vert-3.jpeg?resize=1024%2C683&amp;ssl=1 1024w, https:\/\/i0.wp.com\/aceitesdelalba.com\/wp-content\/uploads\/2019\/01\/Envol-Vert-3.jpeg?resize=600%2C400&amp;ssl=1 600w, https:\/\/i0.wp.com\/aceitesdelalba.com\/wp-content\/uploads\/2019\/01\/Envol-Vert-3.jpeg?resize=272%2C182&amp;ssl=1 272w\" sizes=\"auto, (max-width: 1000px) 100vw, 1000px\" \/><figcaption>Xavier avec un volontaire d&rsquo;Envol&rsquo;vert et un Agriculteur investi dans le projet d&rsquo;agroforesterie<\/figcaption><\/figure>\n\n\n\n<p>         Notre s\u00e9jour se termina par un court week-end \u00e0 l\u2019archipel de San Bernardo au sud de Carthag\u00e8ne mais cette fois-ci dans le but d\u2019\u00e9valuer la qualit\u00e9 du bleu de la mer et l\u2019accueil des p\u00eacheurs locaux&nbsp;! <\/p>\n\n\n\n<p>         De retour au bercail, nous nous attelons \u00e0 la t\u00e2che d\u2019assimiler l\u2019ensemble des informations recueillies pendant cette semaine folle et de nous pr\u00e9parer \u00e0 la derni\u00e8re ligne droite de notre s\u00e9jour en Colombie.<\/p>\n\n\n\n<p>A\nbient\u00f4t pour de nouvelles aventures entrepreneuriales,<\/p>\n\n\n\n<p style=\"text-align:right\">Agathe\net Xavier <\/p>\n","protected":false},"excerpt":{"rendered":"<p>Notre troisi\u00e8me num\u00e9ro de l&rsquo;Essentiel. Bonne Lecture !<\/p>\n","protected":false},"author":3,"featured_media":2280,"comment_status":"closed","ping_status":"open","sticky":false,"template":"","format":"standard","meta":{"site-container-style":"default","site-container-layout":"default","site-sidebar-layout":"default","site-transparent-header":"default","disable-article-header":"default","disable-site-header":"default","disable-site-footer":"default","disable-content-area-spacing":"default","jetpack_post_was_ever_published":false,"_jetpack_newsletter_access":"","_jetpack_dont_email_post_to_subs":false,"_jetpack_newsletter_tier_id":0,"_jetpack_memberships_contains_paywalled_content":false,"_jetpack_memberships_contains_paid_content":false,"footnotes":"","jetpack_publicize_message":"","jetpack_publicize_feature_enabled":true,"jetpack_social_post_already_shared":true,"jetpack_social_options":{"image_generator_settings":{"template":"highway","default_image_id":0,"font":"","enabled":false},"version":2}},"categories":[47],"tags":[],"class_list":["post-2250","post","type-post","status-publish","format-standard","has-post-thumbnail","hentry","category-journal-de-bord"],"jetpack_publicize_connections":[],"jetpack_featured_media_url":"https:\/\/i0.wp.com\/aceitesdelalba.com\/wp-content\/uploads\/2019\/01\/Lessentiel-n%C2%B03.png?fit=300%2C62&ssl=1","jetpack_sharing_enabled":true,"jetpack_shortlink":"https:\/\/wp.me\/pacflg-Ai","jetpack-related-posts":[{"id":1970,"url":"https:\/\/aceitesdelalba.com\/index.php\/2018\/07\/23\/lessentiel-n2\/","url_meta":{"origin":2250,"position":0},"title":"L\u2019Essentiel n\u00b02","author":"Agathe Dum\u00e9nil","date":"23 juillet 2018","format":false,"excerpt":"Notre deuxi\u00e8me num\u00e9ro de l'Essentiel. Bonne Lecture !","rel":"","context":"Dans &quot;Journal de bord&quot;","block_context":{"text":"Journal de bord","link":"https:\/\/aceitesdelalba.com\/index.php\/category\/journal-de-bord\/"},"img":{"alt_text":"","src":"https:\/\/i0.wp.com\/aceitesdelalba.com\/wp-content\/uploads\/2018\/09\/IMG_20180630_141542-e1536282783348.jpg?resize=350%2C200&ssl=1","width":350,"height":200,"srcset":"https:\/\/i0.wp.com\/aceitesdelalba.com\/wp-content\/uploads\/2018\/09\/IMG_20180630_141542-e1536282783348.jpg?resize=350%2C200&ssl=1 1x, https:\/\/i0.wp.com\/aceitesdelalba.com\/wp-content\/uploads\/2018\/09\/IMG_20180630_141542-e1536282783348.jpg?resize=525%2C300&ssl=1 1.5x, https:\/\/i0.wp.com\/aceitesdelalba.com\/wp-content\/uploads\/2018\/09\/IMG_20180630_141542-e1536282783348.jpg?resize=700%2C400&ssl=1 2x"},"classes":[]},{"id":1958,"url":"https:\/\/aceitesdelalba.com\/index.php\/2018\/06\/17\/lessentiel-n1\/","url_meta":{"origin":2250,"position":1},"title":"L\u2019Essentiel n\u00b01","author":"Agathe Dum\u00e9nil","date":"17 juin 2018","format":false,"excerpt":"Voici le premier num\u00e9ro de notre journal de bord. Bonne lecture !","rel":"","context":"Dans &quot;Journal de bord&quot;","block_context":{"text":"Journal de bord","link":"https:\/\/aceitesdelalba.com\/index.php\/category\/journal-de-bord\/"},"img":{"alt_text":"","src":"https:\/\/i0.wp.com\/aceitesdelalba.com\/wp-content\/uploads\/2018\/09\/IMG_20180529_114121.jpg?resize=350%2C200&ssl=1","width":350,"height":200,"srcset":"https:\/\/i0.wp.com\/aceitesdelalba.com\/wp-content\/uploads\/2018\/09\/IMG_20180529_114121.jpg?resize=350%2C200&ssl=1 1x, https:\/\/i0.wp.com\/aceitesdelalba.com\/wp-content\/uploads\/2018\/09\/IMG_20180529_114121.jpg?resize=525%2C300&ssl=1 1.5x, https:\/\/i0.wp.com\/aceitesdelalba.com\/wp-content\/uploads\/2018\/09\/IMG_20180529_114121.jpg?resize=700%2C400&ssl=1 2x, https:\/\/i0.wp.com\/aceitesdelalba.com\/wp-content\/uploads\/2018\/09\/IMG_20180529_114121.jpg?resize=1050%2C600&ssl=1 3x, https:\/\/i0.wp.com\/aceitesdelalba.com\/wp-content\/uploads\/2018\/09\/IMG_20180529_114121.jpg?resize=1400%2C800&ssl=1 4x"},"classes":[]},{"id":2269,"url":"https:\/\/aceitesdelalba.com\/index.php\/2019\/01\/10\/essentiel-n4\/","url_meta":{"origin":2250,"position":2},"title":"L&rsquo;Essentiel n\u00b04","author":"Agathe Dum\u00e9nil","date":"10 janvier 2019","format":false,"excerpt":"Notre quatri\u00e8me num\u00e9ro de l'Essentiel. Bonne Lecture !","rel":"","context":"Dans &quot;Journal de bord&quot;","block_context":{"text":"Journal de bord","link":"https:\/\/aceitesdelalba.com\/index.php\/category\/journal-de-bord\/"},"img":{"alt_text":"","src":"https:\/\/i0.wp.com\/aceitesdelalba.com\/wp-content\/uploads\/2019\/01\/XaviCurcuma2.jpg?resize=350%2C200&ssl=1","width":350,"height":200,"srcset":"https:\/\/i0.wp.com\/aceitesdelalba.com\/wp-content\/uploads\/2019\/01\/XaviCurcuma2.jpg?resize=350%2C200&ssl=1 1x, https:\/\/i0.wp.com\/aceitesdelalba.com\/wp-content\/uploads\/2019\/01\/XaviCurcuma2.jpg?resize=525%2C300&ssl=1 1.5x"},"classes":[]},{"id":2521,"url":"https:\/\/aceitesdelalba.com\/index.php\/2023\/05\/18\/lessentiel-n6-nouvel-an-2020\/","url_meta":{"origin":2250,"position":3},"title":"L&rsquo;essentiel n\u00b06 nouvel an 2020","author":"Agathe Dum\u00e9nil","date":"18 mai 2023","format":false,"excerpt":"Ou le journal de l\u2019aventure entrepreneuriale d\u2019Agathe et Xavier Bonjour \u00e0 tous, En ce beau matin de janvier, face aux paysages grandioses du sud-ouest de l\u2019Antioquia et berc\u00e9s par les chants d\u2019oiseaux de la fen\u00eatre de notre bureau, nous nous sommes dit qu\u2019il \u00e9tait grand temps de vous donner des\u2026","rel":"","context":"Dans &quot;Journal de bord&quot;","block_context":{"text":"Journal de bord","link":"https:\/\/aceitesdelalba.com\/index.php\/category\/journal-de-bord\/"},"img":{"alt_text":"","src":"https:\/\/i0.wp.com\/aceitesdelalba.com\/wp-content\/uploads\/2023\/05\/image-4.png?resize=350%2C200","width":350,"height":200},"classes":[]},{"id":2502,"url":"https:\/\/aceitesdelalba.com\/index.php\/2019\/05\/10\/lessentiel-n5\/","url_meta":{"origin":2250,"position":4},"title":"L&rsquo;Essentiel n\u00b05","author":"Agathe Dum\u00e9nil","date":"10 mai 2019","format":false,"excerpt":"Ou le journal de l\u2019aventure entrepreneuriale d\u2019Agathe et Xavier Bonjour \u00e0 tous, \u00a0\u00a0\u00a0\u00a0\u00a0\u00a0\u00a0\u00a0\u00a0\u00a0\u00a0\u00a0\u00a0\u00a0 Cela va faire un petit moment que vous n\u2019avez pas eu de nos nouvelles et certains doivent s\u00fbrement se demander o\u00f9 nous en sommes de nos p\u00e9rip\u00e9ties\u2026 Tout avance pour le mieux du monde et nous ne\u2026","rel":"","context":"Dans &quot;Journal de bord&quot;","block_context":{"text":"Journal de bord","link":"https:\/\/aceitesdelalba.com\/index.php\/category\/journal-de-bord\/"},"img":{"alt_text":"","src":"https:\/\/i0.wp.com\/aceitesdelalba.com\/wp-content\/uploads\/2023\/05\/Xavier-et-des-agriculteurs-dans-un-champ-de-Romarin-pres-de-Medellin-e1683751650681.jpg?resize=350%2C200&ssl=1","width":350,"height":200,"srcset":"https:\/\/i0.wp.com\/aceitesdelalba.com\/wp-content\/uploads\/2023\/05\/Xavier-et-des-agriculteurs-dans-un-champ-de-Romarin-pres-de-Medellin-e1683751650681.jpg?resize=350%2C200&ssl=1 1x, https:\/\/i0.wp.com\/aceitesdelalba.com\/wp-content\/uploads\/2023\/05\/Xavier-et-des-agriculteurs-dans-un-champ-de-Romarin-pres-de-Medellin-e1683751650681.jpg?resize=525%2C300&ssl=1 1.5x, https:\/\/i0.wp.com\/aceitesdelalba.com\/wp-content\/uploads\/2023\/05\/Xavier-et-des-agriculteurs-dans-un-champ-de-Romarin-pres-de-Medellin-e1683751650681.jpg?resize=700%2C400&ssl=1 2x, https:\/\/i0.wp.com\/aceitesdelalba.com\/wp-content\/uploads\/2023\/05\/Xavier-et-des-agriculteurs-dans-un-champ-de-Romarin-pres-de-Medellin-e1683751650681.jpg?resize=1050%2C600&ssl=1 3x"},"classes":[]}],"_links":{"self":[{"href":"https:\/\/aceitesdelalba.com\/index.php\/wp-json\/wp\/v2\/posts\/2250","targetHints":{"allow":["GET"]}}],"collection":[{"href":"https:\/\/aceitesdelalba.com\/index.php\/wp-json\/wp\/v2\/posts"}],"about":[{"href":"https:\/\/aceitesdelalba.com\/index.php\/wp-json\/wp\/v2\/types\/post"}],"author":[{"embeddable":true,"href":"https:\/\/aceitesdelalba.com\/index.php\/wp-json\/wp\/v2\/users\/3"}],"replies":[{"embeddable":true,"href":"https:\/\/aceitesdelalba.com\/index.php\/wp-json\/wp\/v2\/comments?post=2250"}],"version-history":[{"count":5,"href":"https:\/\/aceitesdelalba.com\/index.php\/wp-json\/wp\/v2\/posts\/2250\/revisions"}],"predecessor-version":[{"id":2281,"href":"https:\/\/aceitesdelalba.com\/index.php\/wp-json\/wp\/v2\/posts\/2250\/revisions\/2281"}],"wp:featuredmedia":[{"embeddable":true,"href":"https:\/\/aceitesdelalba.com\/index.php\/wp-json\/wp\/v2\/media\/2280"}],"wp:attachment":[{"href":"https:\/\/aceitesdelalba.com\/index.php\/wp-json\/wp\/v2\/media?parent=2250"}],"wp:term":[{"taxonomy":"category","embeddable":true,"href":"https:\/\/aceitesdelalba.com\/index.php\/wp-json\/wp\/v2\/categories?post=2250"},{"taxonomy":"post_tag","embeddable":true,"href":"https:\/\/aceitesdelalba.com\/index.php\/wp-json\/wp\/v2\/tags?post=2250"}],"curies":[{"name":"wp","href":"https:\/\/api.w.org\/{rel}","templated":true}]}}