{"id":2521,"date":"2023-05-18T10:01:57","date_gmt":"2023-05-18T15:01:57","guid":{"rendered":"http:\/\/aceitesdelalba.com\/?p=2521"},"modified":"2023-05-18T10:15:02","modified_gmt":"2023-05-18T15:15:02","slug":"lessentiel-n6-nouvel-an-2020","status":"publish","type":"post","link":"https:\/\/aceitesdelalba.com\/index.php\/2023\/05\/18\/lessentiel-n6-nouvel-an-2020\/","title":{"rendered":"L&rsquo;essentiel n\u00b06 nouvel an 2020"},"content":{"rendered":"\n<h5 class=\"wp-block-heading\"><em>Ou le journal de l\u2019aventure entrepreneuriale d\u2019Agathe et Xavier<\/em><\/h5>\n\n\n\n<p>Bonjour \u00e0 tous,<\/p>\n\n\n\n<p>En ce beau matin de janvier, face aux paysages grandioses du sud-ouest de l\u2019Antioquia et berc\u00e9s par les chants d\u2019oiseaux de la fen\u00eatre de notre bureau, nous nous sommes dit qu\u2019il \u00e9tait grand temps de vous donner des nouvelles d\u2019Aceites del Alba. Et, quelle meilleure occasion pour cela que le commencement d\u2019une nouvelle ann\u00e9e&nbsp;!<\/p>\n\n\n\n<p>Nous vous proposons d\u2019abord un petit retour sur cette ann\u00e9e 2019 qui a \u00e9t\u00e9 riche en \u00e9v\u00e9nements, nouveaut\u00e9s et p\u00e9rip\u00e9ties.<\/p>\n\n\n\n<p>Les trois premiers mois de l\u2019ann\u00e9e derni\u00e8re, nous les avons pass\u00e9s en France. Cela a permis de faire le point sur l\u2019avenir de notre future entreprise. Nous avons repris contact avec nos potentiels clients, leur avons pr\u00e9sent\u00e9s les diff\u00e9rentes huiles que nous pensions pouvoir produire en Colombie et comment nous voyons le projet avancer. D\u00e9but mars, nous voil\u00e0 repartis dans notre nouveau pays d\u2019adoption, mais cette fois-ci, destination Medellin&nbsp;! Apr\u00e8s avoir arpent\u00e9 dans tous les sens la ville et surtout ses concessionnaires et revendeurs automobiles, nous acqu\u00e9rons un super 4&#215;4 rouge qui va nous permettre enfin de quitter le capharna\u00fcm urbain et partir \u00e0 la rencontre des agriculteurs de la r\u00e9gion. Tr\u00e8s rapidement nous d\u00e9cidons de nous installer au sud de Medellin, \u00e0 Valparaiso dans la r\u00e9gion de l\u2019Antioquia. Ce village en flan de vall\u00e9e surplombe deux majestueuses montagnes \u00ab pain de sucre&nbsp;\u00bb et le rio Cauca, fleuve prenant ses sources dans la vall\u00e9e dont est originaire Xavier. En plus d\u2019un climat id\u00e9al et d\u2019une vue spectaculaire, Valparaiso nous a accueilli tr\u00e8s chaleureusement et nous avons pu tr\u00e8s vite lier un bon contact avec les groupements d\u2019agriculteurs locaux avec lesquels nous commen\u00e7ons \u00e0 monter plusieurs projets de cultures de plantes aromatiques. C\u2019est aussi un village assez proche de Medellin nous permettant de facilement faire des allers-retours en cas de n\u00e9cessit\u00e9. Apr\u00e8s avoir fait un tour des villages environnants, il se trouve que plusieurs groupements d\u2019agriculteurs seraient eux aussi int\u00e9ress\u00e9s pour d\u00e9marrer avec nous des cultures de plantes aromatiques. Valparaiso est donc d\u00e9finitivement id\u00e9al pour lancer Aceites del Alba&nbsp;!<\/p>\n\n\n<div class=\"wp-block-image\">\n<figure class=\"aligncenter size-full is-resized\"><img data-recalc-dims=\"1\" loading=\"lazy\" decoding=\"async\" data-attachment-id=\"2523\" data-permalink=\"https:\/\/aceitesdelalba.com\/index.php\/2023\/05\/18\/lessentiel-n6-nouvel-an-2020\/image-3\/\" data-orig-file=\"https:\/\/i0.wp.com\/aceitesdelalba.com\/wp-content\/uploads\/2023\/05\/image-3.png?fit=312%2C301&amp;ssl=1\" data-orig-size=\"312,301\" data-comments-opened=\"0\" data-image-meta=\"{&quot;aperture&quot;:&quot;0&quot;,&quot;credit&quot;:&quot;&quot;,&quot;camera&quot;:&quot;&quot;,&quot;caption&quot;:&quot;&quot;,&quot;created_timestamp&quot;:&quot;0&quot;,&quot;copyright&quot;:&quot;&quot;,&quot;focal_length&quot;:&quot;0&quot;,&quot;iso&quot;:&quot;0&quot;,&quot;shutter_speed&quot;:&quot;0&quot;,&quot;title&quot;:&quot;&quot;,&quot;orientation&quot;:&quot;0&quot;}\" data-image-title=\"image-3\" data-image-description=\"\" data-image-caption=\"\" data-medium-file=\"https:\/\/i0.wp.com\/aceitesdelalba.com\/wp-content\/uploads\/2023\/05\/image-3.png?fit=300%2C289&amp;ssl=1\" data-large-file=\"https:\/\/i0.wp.com\/aceitesdelalba.com\/wp-content\/uploads\/2023\/05\/image-3.png?fit=312%2C301&amp;ssl=1\" src=\"https:\/\/i0.wp.com\/aceitesdelalba.com\/wp-content\/uploads\/2023\/05\/image-3.png?resize=300%2C289\" alt=\"\" class=\"wp-image-2523\" width=\"300\" height=\"289\" srcset=\"https:\/\/i0.wp.com\/aceitesdelalba.com\/wp-content\/uploads\/2023\/05\/image-3.png?w=312&amp;ssl=1 312w, https:\/\/i0.wp.com\/aceitesdelalba.com\/wp-content\/uploads\/2023\/05\/image-3.png?resize=300%2C289&amp;ssl=1 300w, https:\/\/i0.wp.com\/aceitesdelalba.com\/wp-content\/uploads\/2023\/05\/image-3.png?resize=62%2C60&amp;ssl=1 62w, https:\/\/i0.wp.com\/aceitesdelalba.com\/wp-content\/uploads\/2023\/05\/image-3.png?resize=93%2C90&amp;ssl=1 93w\" sizes=\"auto, (max-width: 300px) 100vw, 300px\" \/><figcaption class=\"wp-element-caption\"><mark style=\"background-color:rgba(0, 0, 0, 0)\" class=\"has-inline-color has-black-color\">Xavier dans notre 4&#215;4 rouge avec Pioggia lors d&rsquo;un d\u00e9placement dans une municipalit\u00e9 voisine<\/mark><\/figcaption><\/figure>\n<\/div>\n\n\n<p>Le 25 juin 2019 restera \u00e0 jamais une date grav\u00e9e dans nos m\u00e9moires. En ce glorieux jour, Aceites del Alba S.A.S. d\u00e9pose enfin ses statuts et devient officiellement une entreprise&nbsp;! Ceci nous permet dans un premier temps d\u2019accueillir deux jeunes stagiaires de notre \u00e9cole d\u2019ing\u00e9nieurs (l\u2019Istom). Cl\u00e9mence et Kenza nous rejoignirent d\u00e9but juillet pour trois mois avec chacune une mission au sein de notre entreprise. Elles travaill\u00e8rent pendant cette p\u00e9riode, au d\u00e9veloppement de notre premi\u00e8re p\u00e9pini\u00e8re de plantes aromatiques et sur les co\u00fbts de production de celles-ci afin de pouvoir proposer aux agriculteurs un projet clair et bien d\u00e9taill\u00e9. Nous avons \u00e9t\u00e9 ravis de les compter parmi nous. Elles nous ont aussi beaucoup aid\u00e9 dans la mise en place de notre atelier et dans la distillation de notre premi\u00e8re commande.<\/p>\n\n\n\n<p>Le mois d\u2019ao\u00fbt a \u00e9t\u00e9 marqu\u00e9 par l\u2019arriv\u00e9e d\u2019une nouvelle associ\u00e9e dans notre \u00e9quipe&nbsp;: Pioggia, notre super berger allemand trouv\u00e9e b\u00e9b\u00e9 dans une ferme des environs. Depuis qu\u2019elle nous a rejoint, elle nous accompagne fid\u00e8lement dans chacune de nos exp\u00e9ditions.<\/p>\n\n\n\n<p>A la mi-septembre, encore un moment clef pour l\u2019entreprise, Agathe a obtenu son visa pour trois ans en Colombie lui permettant de continuer l\u2019aventure sans complication.&nbsp;<\/p>\n\n\n\n<p>Les derniers mois de l\u2019ann\u00e9e ont \u00e9t\u00e9 enti\u00e8rement d\u00e9di\u00e9s \u00e0 la production de notre premi\u00e8re commande. L\u2019atelier mis en place et les contacts avec les agriculteurs r\u00e9alis\u00e9s, nous avons d\u00fb encadrer les r\u00e9coltes, pr\u00e9parer la mati\u00e8re premi\u00e8re pour la distillation et distiller d\u2019octobre \u00e0 d\u00e9cembre, o\u00f9, enfin nous avons pu envoyer notre premier bidon d\u2019huile essentielle \u00e0 Medellin, pr\u00eat pour le grand voyage vers la France.<\/p>\n\n\n\n<figure class=\"wp-block-gallery aligncenter has-nested-images columns-default is-cropped wp-block-gallery-1 is-layout-flex wp-block-gallery-is-layout-flex\"><div class=\"wp-block-image\">\n<figure class=\"aligncenter size-large\"><img data-recalc-dims=\"1\" loading=\"lazy\" decoding=\"async\" width=\"139\" height=\"292\" data-attachment-id=\"2524\" data-permalink=\"https:\/\/aceitesdelalba.com\/index.php\/2023\/05\/18\/lessentiel-n6-nouvel-an-2020\/image-4\/\" data-orig-file=\"https:\/\/i0.wp.com\/aceitesdelalba.com\/wp-content\/uploads\/2023\/05\/image-4.png?fit=139%2C292&amp;ssl=1\" data-orig-size=\"139,292\" data-comments-opened=\"0\" data-image-meta=\"{&quot;aperture&quot;:&quot;0&quot;,&quot;credit&quot;:&quot;&quot;,&quot;camera&quot;:&quot;&quot;,&quot;caption&quot;:&quot;&quot;,&quot;created_timestamp&quot;:&quot;0&quot;,&quot;copyright&quot;:&quot;&quot;,&quot;focal_length&quot;:&quot;0&quot;,&quot;iso&quot;:&quot;0&quot;,&quot;shutter_speed&quot;:&quot;0&quot;,&quot;title&quot;:&quot;&quot;,&quot;orientation&quot;:&quot;0&quot;}\" data-image-title=\"image-4\" data-image-description=\"\" data-image-caption=\"\" data-medium-file=\"https:\/\/i0.wp.com\/aceitesdelalba.com\/wp-content\/uploads\/2023\/05\/image-4.png?fit=139%2C292&amp;ssl=1\" data-large-file=\"https:\/\/i0.wp.com\/aceitesdelalba.com\/wp-content\/uploads\/2023\/05\/image-4.png?fit=139%2C292&amp;ssl=1\" data-id=\"2524\" src=\"https:\/\/i0.wp.com\/aceitesdelalba.com\/wp-content\/uploads\/2023\/05\/image-4.png?resize=139%2C292\" alt=\"\" class=\"wp-image-2524\" srcset=\"https:\/\/i0.wp.com\/aceitesdelalba.com\/wp-content\/uploads\/2023\/05\/image-4.png?w=139&amp;ssl=1 139w, https:\/\/i0.wp.com\/aceitesdelalba.com\/wp-content\/uploads\/2023\/05\/image-4.png?resize=29%2C60&amp;ssl=1 29w, https:\/\/i0.wp.com\/aceitesdelalba.com\/wp-content\/uploads\/2023\/05\/image-4.png?resize=43%2C90&amp;ssl=1 43w\" sizes=\"auto, (max-width: 139px) 100vw, 139px\" \/><\/figure>\n<\/div>\n\n<div class=\"wp-block-image\">\n<figure class=\"aligncenter size-large\"><img data-recalc-dims=\"1\" loading=\"lazy\" decoding=\"async\" width=\"156\" height=\"293\" data-attachment-id=\"2525\" data-permalink=\"https:\/\/aceitesdelalba.com\/index.php\/2023\/05\/18\/lessentiel-n6-nouvel-an-2020\/image-5\/\" data-orig-file=\"https:\/\/i0.wp.com\/aceitesdelalba.com\/wp-content\/uploads\/2023\/05\/image-5.png?fit=156%2C293&amp;ssl=1\" data-orig-size=\"156,293\" data-comments-opened=\"0\" data-image-meta=\"{&quot;aperture&quot;:&quot;0&quot;,&quot;credit&quot;:&quot;&quot;,&quot;camera&quot;:&quot;&quot;,&quot;caption&quot;:&quot;&quot;,&quot;created_timestamp&quot;:&quot;0&quot;,&quot;copyright&quot;:&quot;&quot;,&quot;focal_length&quot;:&quot;0&quot;,&quot;iso&quot;:&quot;0&quot;,&quot;shutter_speed&quot;:&quot;0&quot;,&quot;title&quot;:&quot;&quot;,&quot;orientation&quot;:&quot;0&quot;}\" data-image-title=\"image-5\" data-image-description=\"\" data-image-caption=\"\" data-medium-file=\"https:\/\/i0.wp.com\/aceitesdelalba.com\/wp-content\/uploads\/2023\/05\/image-5.png?fit=156%2C293&amp;ssl=1\" data-large-file=\"https:\/\/i0.wp.com\/aceitesdelalba.com\/wp-content\/uploads\/2023\/05\/image-5.png?fit=156%2C293&amp;ssl=1\" data-id=\"2525\" src=\"https:\/\/i0.wp.com\/aceitesdelalba.com\/wp-content\/uploads\/2023\/05\/image-5.png?resize=156%2C293\" alt=\"\" class=\"wp-image-2525\" srcset=\"https:\/\/i0.wp.com\/aceitesdelalba.com\/wp-content\/uploads\/2023\/05\/image-5.png?w=156&amp;ssl=1 156w, https:\/\/i0.wp.com\/aceitesdelalba.com\/wp-content\/uploads\/2023\/05\/image-5.png?resize=32%2C60&amp;ssl=1 32w, https:\/\/i0.wp.com\/aceitesdelalba.com\/wp-content\/uploads\/2023\/05\/image-5.png?resize=48%2C90&amp;ssl=1 48w\" sizes=\"auto, (max-width: 156px) 100vw, 156px\" \/><\/figure>\n<\/div><\/figure>\n\n\n\n<p class=\"has-text-align-center\">Notre premi\u00e8re livraison d&rsquo;huile essentielle, pr\u00eate pour la France !<\/p>\n\n\n\n<p>Voil\u00e0 donc comment notre ann\u00e9e 2019 s\u2019est achev\u00e9e. Nous voil\u00e0 pr\u00eats pour 2020 qui s\u2019annonce riche en exp\u00e9riences et en projets. Nous avons une nouvelle maison et un nouvel espace de travail depuis d\u00e9but janvier qui convient bien mieux \u00e0 nos besoins. Cette petite ferme \u00e0 une dizaine de minutes du village a aussi du terrain, nous permettant de d\u00e9marrer une grande p\u00e9pini\u00e8re de plantes aromatiques s\u00e9lectionn\u00e9es afin de proposer aux agriculteurs les bonnes vari\u00e9t\u00e9s pour la production d\u2019huiles essentielles. Nous accueillerons une ou un nouveau stagiaire pour quatre \u00e0 cinq mois qui s\u2019occupera tout particuli\u00e8rement du suivi et d\u00e9veloppement de cette nouvelle p\u00e9pini\u00e8re et fera une \u00e9tude d\u2019impact sociale de notre projet avec les groupements d\u2019agriculteurs.<\/p>\n\n\n\n<p>Nous devrions continuer notre partenariat avec l\u2019Universit\u00e9 de Cergy Pontoise. Ceci, notamment en travaillant en collaboration avec leur Faclab \u00e0 Gennevilliers qui va nous permettre de travailler avec des \u00e9tudiants sur des prototypages de distillateurs itin\u00e9rants et sur notre site web. Nous continuerons aussi nos exportations d\u2019huiles essentielles en esp\u00e9rant agrandir notre gamme d\u2019essences et pensons d\u00e9velopper dans le courant de l\u2019ann\u00e9e, une petite production locale de fioles d\u2019huiles essentielles vari\u00e9es, directement pour le consommateur.<\/p>\n\n\n\n<p>Nous avons toujours notre beau projet de distillateur itin\u00e9rant, mais pour le moment nous souhaitons nous focaliser d\u2019abord sur le d\u00e9veloppement d\u2019une zone de production qui sera le point d\u2019attache de notre entreprise.<\/p>\n\n\n\n<p>Apr\u00e8s tous ces \u00e9v\u00e9nements marquants et passionnants que nous avons pu vivre cette ann\u00e9e 2019 et qui nous attendent en 2020, nous pouvons, chaque jour, nous dire que nous avons r\u00e9ussi \u00e0 cr\u00e9er notre entreprise et que nous sommes fiers de nos accomplissements&nbsp;!<\/p>\n\n\n\n<p>Merci encore \u00e0 chacun de vous pour votre soutien et nous vous souhaitons une merveilleuse ann\u00e9e 2020&nbsp;!<\/p>\n\n\n\n<p>Agathe Dum\u00e9nil et Xavier Dubreuil<\/p>\n\n\n<div class=\"wp-block-image\">\n<figure class=\"aligncenter size-large is-resized\"><img data-recalc-dims=\"1\" loading=\"lazy\" decoding=\"async\" data-attachment-id=\"2527\" data-permalink=\"https:\/\/aceitesdelalba.com\/index.php\/2023\/05\/18\/lessentiel-n6-nouvel-an-2020\/thumbnail_20191120_141131-1\/\" data-orig-file=\"https:\/\/i0.wp.com\/aceitesdelalba.com\/wp-content\/uploads\/2023\/05\/thumbnail_20191120_141131-1.jpg?fit=1280%2C960&amp;ssl=1\" data-orig-size=\"1280,960\" data-comments-opened=\"0\" data-image-meta=\"{&quot;aperture&quot;:&quot;0&quot;,&quot;credit&quot;:&quot;&quot;,&quot;camera&quot;:&quot;&quot;,&quot;caption&quot;:&quot;&quot;,&quot;created_timestamp&quot;:&quot;0&quot;,&quot;copyright&quot;:&quot;&quot;,&quot;focal_length&quot;:&quot;0&quot;,&quot;iso&quot;:&quot;0&quot;,&quot;shutter_speed&quot;:&quot;0&quot;,&quot;title&quot;:&quot;&quot;,&quot;orientation&quot;:&quot;0&quot;}\" data-image-title=\"thumbnail_20191120_141131-1\" data-image-description=\"\" data-image-caption=\"\" data-medium-file=\"https:\/\/i0.wp.com\/aceitesdelalba.com\/wp-content\/uploads\/2023\/05\/thumbnail_20191120_141131-1.jpg?fit=300%2C225&amp;ssl=1\" data-large-file=\"https:\/\/i0.wp.com\/aceitesdelalba.com\/wp-content\/uploads\/2023\/05\/thumbnail_20191120_141131-1.jpg?fit=1024%2C768&amp;ssl=1\" src=\"https:\/\/i0.wp.com\/aceitesdelalba.com\/wp-content\/uploads\/2023\/05\/thumbnail_20191120_141131-1.jpg?resize=490%2C368\" alt=\"\" class=\"wp-image-2527\" width=\"490\" height=\"368\" srcset=\"https:\/\/i0.wp.com\/aceitesdelalba.com\/wp-content\/uploads\/2023\/05\/thumbnail_20191120_141131-1.jpg?resize=1024%2C768&amp;ssl=1 1024w, https:\/\/i0.wp.com\/aceitesdelalba.com\/wp-content\/uploads\/2023\/05\/thumbnail_20191120_141131-1.jpg?resize=300%2C225&amp;ssl=1 300w, https:\/\/i0.wp.com\/aceitesdelalba.com\/wp-content\/uploads\/2023\/05\/thumbnail_20191120_141131-1.jpg?resize=768%2C576&amp;ssl=1 768w, https:\/\/i0.wp.com\/aceitesdelalba.com\/wp-content\/uploads\/2023\/05\/thumbnail_20191120_141131-1.jpg?resize=600%2C450&amp;ssl=1 600w, https:\/\/i0.wp.com\/aceitesdelalba.com\/wp-content\/uploads\/2023\/05\/thumbnail_20191120_141131-1.jpg?resize=80%2C60&amp;ssl=1 80w, https:\/\/i0.wp.com\/aceitesdelalba.com\/wp-content\/uploads\/2023\/05\/thumbnail_20191120_141131-1.jpg?resize=120%2C90&amp;ssl=1 120w, https:\/\/i0.wp.com\/aceitesdelalba.com\/wp-content\/uploads\/2023\/05\/thumbnail_20191120_141131-1.jpg?w=1280&amp;ssl=1 1280w\" sizes=\"auto, (max-width: 490px) 100vw, 490px\" \/><figcaption class=\"wp-element-caption\"><mark style=\"background-color:rgba(0, 0, 0, 0)\" class=\"has-inline-color has-black-color\">Vue de notre nouvelle maison et bureau. En contre bas, ce sera la parcelle de notre p\u00e9pini\u00e8re de plantes aromatiques<\/mark><\/figcaption><\/figure>\n<\/div>","protected":false},"excerpt":{"rendered":"<p>Ou le journal de l\u2019aventure entrepreneuriale d\u2019Agathe et Xavier Bonjour \u00e0 tous, En ce beau matin de janvier, face aux paysages grandioses du sud-ouest de l\u2019Antioquia et berc\u00e9s par les chants d\u2019oiseaux de la fen\u00eatre de notre bureau, nous nous sommes dit qu\u2019il \u00e9tait grand temps de vous donner des nouvelles d\u2019Aceites del Alba. Et, [&hellip;]<\/p>\n","protected":false},"author":3,"featured_media":0,"comment_status":"closed","ping_status":"open","sticky":false,"template":"","format":"standard","meta":{"site-container-style":"default","site-container-layout":"default","site-sidebar-layout":"default","site-transparent-header":"default","disable-article-header":"default","disable-site-header":"default","disable-site-footer":"default","disable-content-area-spacing":"default","jetpack_post_was_ever_published":false,"_jetpack_newsletter_access":"","_jetpack_dont_email_post_to_subs":false,"_jetpack_newsletter_tier_id":0,"_jetpack_memberships_contains_paywalled_content":false,"_jetpack_memberships_contains_paid_content":false,"footnotes":"","jetpack_publicize_message":"","jetpack_publicize_feature_enabled":true,"jetpack_social_post_already_shared":true,"jetpack_social_options":{"image_generator_settings":{"template":"highway","default_image_id":0,"font":"","enabled":false},"version":2}},"categories":[47],"tags":[],"class_list":["post-2521","post","type-post","status-publish","format-standard","hentry","category-journal-de-bord"],"jetpack_publicize_connections":[],"jetpack_featured_media_url":"","jetpack_sharing_enabled":true,"jetpack_shortlink":"https:\/\/wp.me\/pacflg-EF","jetpack-related-posts":[{"id":2502,"url":"https:\/\/aceitesdelalba.com\/index.php\/2019\/05\/10\/lessentiel-n5\/","url_meta":{"origin":2521,"position":0},"title":"L&rsquo;Essentiel n\u00b05","author":"Agathe Dum\u00e9nil","date":"10 mai 2019","format":false,"excerpt":"Ou le journal de l\u2019aventure entrepreneuriale d\u2019Agathe et Xavier Bonjour \u00e0 tous, \u00a0\u00a0\u00a0\u00a0\u00a0\u00a0\u00a0\u00a0\u00a0\u00a0\u00a0\u00a0\u00a0\u00a0 Cela va faire un petit moment que vous n\u2019avez pas eu de nos nouvelles et certains doivent s\u00fbrement se demander o\u00f9 nous en sommes de nos p\u00e9rip\u00e9ties\u2026 Tout avance pour le mieux du monde et nous ne\u2026","rel":"","context":"Dans &quot;Journal de bord&quot;","block_context":{"text":"Journal de bord","link":"https:\/\/aceitesdelalba.com\/index.php\/category\/journal-de-bord\/"},"img":{"alt_text":"","src":"https:\/\/i0.wp.com\/aceitesdelalba.com\/wp-content\/uploads\/2023\/05\/Xavier-et-des-agriculteurs-dans-un-champ-de-Romarin-pres-de-Medellin-e1683751650681.jpg?resize=350%2C200&ssl=1","width":350,"height":200,"srcset":"https:\/\/i0.wp.com\/aceitesdelalba.com\/wp-content\/uploads\/2023\/05\/Xavier-et-des-agriculteurs-dans-un-champ-de-Romarin-pres-de-Medellin-e1683751650681.jpg?resize=350%2C200&ssl=1 1x, https:\/\/i0.wp.com\/aceitesdelalba.com\/wp-content\/uploads\/2023\/05\/Xavier-et-des-agriculteurs-dans-un-champ-de-Romarin-pres-de-Medellin-e1683751650681.jpg?resize=525%2C300&ssl=1 1.5x, https:\/\/i0.wp.com\/aceitesdelalba.com\/wp-content\/uploads\/2023\/05\/Xavier-et-des-agriculteurs-dans-un-champ-de-Romarin-pres-de-Medellin-e1683751650681.jpg?resize=700%2C400&ssl=1 2x, https:\/\/i0.wp.com\/aceitesdelalba.com\/wp-content\/uploads\/2023\/05\/Xavier-et-des-agriculteurs-dans-un-champ-de-Romarin-pres-de-Medellin-e1683751650681.jpg?resize=1050%2C600&ssl=1 3x"},"classes":[]},{"id":2250,"url":"https:\/\/aceitesdelalba.com\/index.php\/2019\/01\/10\/essentiel-n3\/","url_meta":{"origin":2521,"position":1},"title":"L&rsquo;Essentiel n\u00b03","author":"Agathe Dum\u00e9nil","date":"10 janvier 2019","format":false,"excerpt":"Notre troisi\u00e8me num\u00e9ro de l'Essentiel. Bonne Lecture !","rel":"","context":"Dans &quot;Journal de bord&quot;","block_context":{"text":"Journal de bord","link":"https:\/\/aceitesdelalba.com\/index.php\/category\/journal-de-bord\/"},"img":{"alt_text":"","src":"https:\/\/i0.wp.com\/aceitesdelalba.com\/wp-content\/uploads\/2018\/12\/Coupe-camomille-loic-agathe-2.jpg?resize=350%2C200&ssl=1","width":350,"height":200,"srcset":"https:\/\/i0.wp.com\/aceitesdelalba.com\/wp-content\/uploads\/2018\/12\/Coupe-camomille-loic-agathe-2.jpg?resize=350%2C200&ssl=1 1x, https:\/\/i0.wp.com\/aceitesdelalba.com\/wp-content\/uploads\/2018\/12\/Coupe-camomille-loic-agathe-2.jpg?resize=525%2C300&ssl=1 1.5x, https:\/\/i0.wp.com\/aceitesdelalba.com\/wp-content\/uploads\/2018\/12\/Coupe-camomille-loic-agathe-2.jpg?resize=700%2C400&ssl=1 2x, https:\/\/i0.wp.com\/aceitesdelalba.com\/wp-content\/uploads\/2018\/12\/Coupe-camomille-loic-agathe-2.jpg?resize=1050%2C600&ssl=1 3x, https:\/\/i0.wp.com\/aceitesdelalba.com\/wp-content\/uploads\/2018\/12\/Coupe-camomille-loic-agathe-2.jpg?resize=1400%2C800&ssl=1 4x"},"classes":[]},{"id":1970,"url":"https:\/\/aceitesdelalba.com\/index.php\/2018\/07\/23\/lessentiel-n2\/","url_meta":{"origin":2521,"position":2},"title":"L\u2019Essentiel n\u00b02","author":"Agathe Dum\u00e9nil","date":"23 juillet 2018","format":false,"excerpt":"Notre deuxi\u00e8me num\u00e9ro de l'Essentiel. Bonne Lecture !","rel":"","context":"Dans &quot;Journal de bord&quot;","block_context":{"text":"Journal de bord","link":"https:\/\/aceitesdelalba.com\/index.php\/category\/journal-de-bord\/"},"img":{"alt_text":"","src":"https:\/\/i0.wp.com\/aceitesdelalba.com\/wp-content\/uploads\/2018\/09\/IMG_20180630_141542-e1536282783348.jpg?resize=350%2C200&ssl=1","width":350,"height":200,"srcset":"https:\/\/i0.wp.com\/aceitesdelalba.com\/wp-content\/uploads\/2018\/09\/IMG_20180630_141542-e1536282783348.jpg?resize=350%2C200&ssl=1 1x, https:\/\/i0.wp.com\/aceitesdelalba.com\/wp-content\/uploads\/2018\/09\/IMG_20180630_141542-e1536282783348.jpg?resize=525%2C300&ssl=1 1.5x, https:\/\/i0.wp.com\/aceitesdelalba.com\/wp-content\/uploads\/2018\/09\/IMG_20180630_141542-e1536282783348.jpg?resize=700%2C400&ssl=1 2x"},"classes":[]},{"id":1958,"url":"https:\/\/aceitesdelalba.com\/index.php\/2018\/06\/17\/lessentiel-n1\/","url_meta":{"origin":2521,"position":3},"title":"L\u2019Essentiel n\u00b01","author":"Agathe Dum\u00e9nil","date":"17 juin 2018","format":false,"excerpt":"Voici le premier num\u00e9ro de notre journal de bord. Bonne lecture !","rel":"","context":"Dans &quot;Journal de bord&quot;","block_context":{"text":"Journal de bord","link":"https:\/\/aceitesdelalba.com\/index.php\/category\/journal-de-bord\/"},"img":{"alt_text":"","src":"https:\/\/i0.wp.com\/aceitesdelalba.com\/wp-content\/uploads\/2018\/09\/IMG_20180529_114121.jpg?resize=350%2C200&ssl=1","width":350,"height":200,"srcset":"https:\/\/i0.wp.com\/aceitesdelalba.com\/wp-content\/uploads\/2018\/09\/IMG_20180529_114121.jpg?resize=350%2C200&ssl=1 1x, https:\/\/i0.wp.com\/aceitesdelalba.com\/wp-content\/uploads\/2018\/09\/IMG_20180529_114121.jpg?resize=525%2C300&ssl=1 1.5x, https:\/\/i0.wp.com\/aceitesdelalba.com\/wp-content\/uploads\/2018\/09\/IMG_20180529_114121.jpg?resize=700%2C400&ssl=1 2x, https:\/\/i0.wp.com\/aceitesdelalba.com\/wp-content\/uploads\/2018\/09\/IMG_20180529_114121.jpg?resize=1050%2C600&ssl=1 3x, https:\/\/i0.wp.com\/aceitesdelalba.com\/wp-content\/uploads\/2018\/09\/IMG_20180529_114121.jpg?resize=1400%2C800&ssl=1 4x"},"classes":[]},{"id":2269,"url":"https:\/\/aceitesdelalba.com\/index.php\/2019\/01\/10\/essentiel-n4\/","url_meta":{"origin":2521,"position":4},"title":"L&rsquo;Essentiel n\u00b04","author":"Agathe Dum\u00e9nil","date":"10 janvier 2019","format":false,"excerpt":"Notre quatri\u00e8me num\u00e9ro de l'Essentiel. Bonne Lecture !","rel":"","context":"Dans &quot;Journal de bord&quot;","block_context":{"text":"Journal de bord","link":"https:\/\/aceitesdelalba.com\/index.php\/category\/journal-de-bord\/"},"img":{"alt_text":"","src":"https:\/\/i0.wp.com\/aceitesdelalba.com\/wp-content\/uploads\/2019\/01\/XaviCurcuma2.jpg?resize=350%2C200&ssl=1","width":350,"height":200,"srcset":"https:\/\/i0.wp.com\/aceitesdelalba.com\/wp-content\/uploads\/2019\/01\/XaviCurcuma2.jpg?resize=350%2C200&ssl=1 1x, https:\/\/i0.wp.com\/aceitesdelalba.com\/wp-content\/uploads\/2019\/01\/XaviCurcuma2.jpg?resize=525%2C300&ssl=1 1.5x"},"classes":[]}],"_links":{"self":[{"href":"https:\/\/aceitesdelalba.com\/index.php\/wp-json\/wp\/v2\/posts\/2521","targetHints":{"allow":["GET"]}}],"collection":[{"href":"https:\/\/aceitesdelalba.com\/index.php\/wp-json\/wp\/v2\/posts"}],"about":[{"href":"https:\/\/aceitesdelalba.com\/index.php\/wp-json\/wp\/v2\/types\/post"}],"author":[{"embeddable":true,"href":"https:\/\/aceitesdelalba.com\/index.php\/wp-json\/wp\/v2\/users\/3"}],"replies":[{"embeddable":true,"href":"https:\/\/aceitesdelalba.com\/index.php\/wp-json\/wp\/v2\/comments?post=2521"}],"version-history":[{"count":2,"href":"https:\/\/aceitesdelalba.com\/index.php\/wp-json\/wp\/v2\/posts\/2521\/revisions"}],"predecessor-version":[{"id":2530,"href":"https:\/\/aceitesdelalba.com\/index.php\/wp-json\/wp\/v2\/posts\/2521\/revisions\/2530"}],"wp:attachment":[{"href":"https:\/\/aceitesdelalba.com\/index.php\/wp-json\/wp\/v2\/media?parent=2521"}],"wp:term":[{"taxonomy":"category","embeddable":true,"href":"https:\/\/aceitesdelalba.com\/index.php\/wp-json\/wp\/v2\/categories?post=2521"},{"taxonomy":"post_tag","embeddable":true,"href":"https:\/\/aceitesdelalba.com\/index.php\/wp-json\/wp\/v2\/tags?post=2521"}],"curies":[{"name":"wp","href":"https:\/\/api.w.org\/{rel}","templated":true}]}}